{"id":13132,"date":"2010-03-16T18:46:47","date_gmt":"2010-03-16T17:46:47","guid":{"rendered":"http:\/\/www.mixcarteles.com\/cartelesmix\/?p=13132"},"modified":"2017-11-10T07:21:43","modified_gmt":"2017-11-10T07:21:43","slug":"la-antena-la-antena-2007","status":"publish","type":"post","link":"https:\/\/cartelesmix.com\/2020carteles\/la-antena-la-antena-2007\/","title":{"rendered":"La antena (La antena) (2007)"},"content":{"rendered":"<div><strong>G\u00e9nero:<\/strong> Drama\u00a0\u00a0 <strong>Pa\u00eds:<\/strong> Argentina<\/div>\n<div>\n<div><strong>Direcci\u00f3n:<\/strong>\u00a0 Esteban Sapir<\/div>\n<\/div>\n<div>\n<div><strong>Interpretaci\u00f3n:<\/strong>\u00a0 Valeria Bertuccelli, Alejandro Urdapilleta, Julieta Cardinali, Rafael Ferro, Florencia Raggi<\/div>\n<div><strong>Sinopsis:<\/strong>\u00a0 Una ciudad entera se ha quedado sin voz y vive bajo un largo y crudo invierno. Un hombre malvado y sin escr\u00fapulos, el Sr. T.V., due\u00f1o absoluto de las im\u00e1genes que animan esta ciudad y de una extensa cadena de productos bajo su sello personal, lleva adelante un siniestro plan secreto para someter eternamente a cada una de las almas que habitan este lugar. Para construir este monopolio ha financiado la creaci\u00f3n de una peligrosa m\u00e1quina que transmite hipn\u00f3ticas im\u00e1genes por la pantalla del televisor para inducir al consumo compulsivo de los productos con su sello.<\/div>\n<\/div>\n<div>\n<hr \/>\n<\/div>\n<div>\n<div><strong>Carteles:<\/strong><\/div>\n<div><strong>\u00a0<\/strong><\/div>\n<div><a href=\"http:\/\/cartelesmix.es\/images\/CartelesA\/antena0701.jpg\" target=\"_blank\"><img loading=\"lazy\" decoding=\"async\" class=\"alignnone size-medium wp-image-21985\" title=\"antena0701\" src=\"http:\/\/cartelesmix.es\/images\/CartelesA\/antena0701-171x240.jpg\" alt=\"\" width=\"171\" height=\"240\" \/><\/a>\u00a0<a href=\"http:\/\/cartelesmix.es\/images\/CartelesA\/antena0702.jpg\" target=\"_blank\"><img loading=\"lazy\" decoding=\"async\" class=\"alignnone size-medium wp-image-21984\" title=\"antena0702\" src=\"http:\/\/cartelesmix.es\/images\/CartelesA\/antena0702-167x240.jpg\" alt=\"\" width=\"167\" height=\"240\" \/><\/a><\/div>\n<\/div>\n","protected":false},"excerpt":{"rendered":"<p>G\u00e9nero: Drama\u00a0\u00a0 Pa\u00eds: Argentina Direcci\u00f3n:\u00a0 Esteban Sapir Interpretaci\u00f3n:\u00a0 Valeria Bertuccelli, Alejandro Urdapilleta, Julieta Cardinali, Rafael Ferro, Florencia Raggi Sinopsis:\u00a0 Una ciudad entera se ha quedado sin voz y vive bajo un largo y crudo invierno. Un hombre malvado y sin escr\u00fapulos, el Sr. T.V., due\u00f1o absoluto de las im\u00e1genes que animan esta ciudad y de &hellip; <\/p>\n<p class=\"link-more\"><a href=\"https:\/\/cartelesmix.com\/2020carteles\/la-antena-la-antena-2007\/\" class=\"more-link\">Continuar leyendo<span class=\"screen-reader-text\"> \u00abLa antena (La antena) (2007)\u00bb<\/span><\/a><\/p>\n","protected":false},"author":3,"featured_media":0,"comment_status":"closed","ping_status":"closed","sticky":false,"template":"","format":"standard","meta":{"footnotes":""},"categories":[],"tags":[],"class_list":["post-13132","post","type-post","status-publish","format-standard","hentry"],"_links":{"self":[{"href":"https:\/\/cartelesmix.com\/2020carteles\/wp-json\/wp\/v2\/posts\/13132","targetHints":{"allow":["GET"]}}],"collection":[{"href":"https:\/\/cartelesmix.com\/2020carteles\/wp-json\/wp\/v2\/posts"}],"about":[{"href":"https:\/\/cartelesmix.com\/2020carteles\/wp-json\/wp\/v2\/types\/post"}],"author":[{"embeddable":true,"href":"https:\/\/cartelesmix.com\/2020carteles\/wp-json\/wp\/v2\/users\/3"}],"replies":[{"embeddable":true,"href":"https:\/\/cartelesmix.com\/2020carteles\/wp-json\/wp\/v2\/comments?post=13132"}],"version-history":[{"count":1,"href":"https:\/\/cartelesmix.com\/2020carteles\/wp-json\/wp\/v2\/posts\/13132\/revisions"}],"predecessor-version":[{"id":100256,"href":"https:\/\/cartelesmix.com\/2020carteles\/wp-json\/wp\/v2\/posts\/13132\/revisions\/100256"}],"wp:attachment":[{"href":"https:\/\/cartelesmix.com\/2020carteles\/wp-json\/wp\/v2\/media?parent=13132"}],"wp:term":[{"taxonomy":"category","embeddable":true,"href":"https:\/\/cartelesmix.com\/2020carteles\/wp-json\/wp\/v2\/categories?post=13132"},{"taxonomy":"post_tag","embeddable":true,"href":"https:\/\/cartelesmix.com\/2020carteles\/wp-json\/wp\/v2\/tags?post=13132"}],"curies":[{"name":"wp","href":"https:\/\/api.w.org\/{rel}","templated":true}]}}