{"id":13134,"date":"2010-03-16T18:47:16","date_gmt":"2010-03-16T17:47:16","guid":{"rendered":"http:\/\/www.mixcarteles.com\/cartelesmix\/?p=13134"},"modified":"2017-11-10T07:21:43","modified_gmt":"2017-11-10T07:21:43","slug":"la-ardilla-roja-la-ardilla-roja-1993","status":"publish","type":"post","link":"https:\/\/cartelesmix.com\/2020carteles\/la-ardilla-roja-la-ardilla-roja-1993\/","title":{"rendered":"La ardilla roja (La ardilla roja) (1993)"},"content":{"rendered":"<div><strong>G\u00e9nero:<\/strong> Drama, Rom\u00e1ntica\u00a0 <strong>Pa\u00eds:<\/strong> Espa\u00f1a<\/div>\n<div>\n<div><strong>Direcci\u00f3n:<\/strong>\u00a0 Julio Medem<\/div>\n<\/div>\n<div>\n<div><strong>Interpretaci\u00f3n:<\/strong>\u00a0 Carmelo G\u00f3mez, Nancho Novo, Emma Su\u00e1rez, Karra Elejalde, Mar\u00eda Barranco, Cristina Marcos, Elena Irureta, Ana Gracia, M\u00f3nica Molina, Chete Lera, Txema Blasco, Susana Garc\u00eda<\/div>\n<div><strong>Sinopsis:<\/strong>\u00a0 En una noche de verano Jota (Nancho Novo), desesperado por el abandono de su gran amor, intenta suicidarse arroj\u00e1ndose al mar. En ese momento ve caer en la arena de la playa a una chica (Emma Su\u00e1rez) que ha tenido un accidente de moto.<br \/>\nA consecuencia del golpe la joven sufre una amnesia total, no recuerda ni su nombre. Jota, aprovech\u00e1ndose de esta situaci\u00f3n, le hace creer a la chica que se llama Lisa y que es su novia desde hace cuatro a\u00f1os. Tras escapar del hospital la pareja se retira a un camping llamado La ardilla roja. All\u00ed Lisa intentar\u00e1 recuperar su memoria. A su vez Jota procurar\u00e1 por todos los medios que nadie descubra su embuste.<\/div>\n<\/div>\n<div>\n<div>\n<hr \/>\n<\/div>\n<\/div>\n<div>\n<div><strong>Carteles:<\/strong><\/div>\n<div><strong>\u00a0<\/strong><\/div>\n<div style=\"text-align: center;\"><a href=\"http:\/\/cartelesmix.es\/images\/CartelesA\/ardillaroja9301.jpg\" target=\"_blank\"><img loading=\"lazy\" decoding=\"async\" class=\"alignnone size-medium wp-image-22316\" title=\"ardillaroja9301\" src=\"http:\/\/cartelesmix.es\/images\/CartelesA\/ardillaroja9301-163x240.jpg\" alt=\"\" width=\"163\" height=\"240\" \/><\/a>\u00a0<a href=\"http:\/\/cartelesmix.es\/images\/CartelesA\/ardillaroja9302.jpg\" target=\"_blank\"><img loading=\"lazy\" decoding=\"async\" class=\"alignnone size-medium wp-image-22317\" title=\"ardillaroja9302\" src=\"http:\/\/cartelesmix.es\/images\/CartelesA\/ardillaroja9302-174x240.jpg\" alt=\"\" width=\"174\" height=\"240\" \/><\/a>\u00a0<a href=\"http:\/\/cartelesmix.es\/images\/CartelesA\/ardillaroja9303.jpg\" target=\"_blank\"><img loading=\"lazy\" decoding=\"async\" class=\"alignnone size-medium wp-image-22318\" title=\"ardillaroja9303\" src=\"http:\/\/cartelesmix.es\/images\/CartelesA\/ardillaroja9303-136x240.jpg\" alt=\"\" width=\"136\" height=\"240\" \/><\/a>\u00a0<a href=\"http:\/\/cartelesmix.es\/images\/CartelesA\/ardillaroja9304.jpg\" target=\"_blank\"><img loading=\"lazy\" decoding=\"async\" class=\"alignnone size-medium wp-image-22319\" title=\"ardillaroja9304\" src=\"http:\/\/cartelesmix.es\/images\/CartelesA\/ardillaroja9304-171x240.jpg\" alt=\"\" width=\"171\" height=\"240\" \/><\/a>\u00a0<a href=\"http:\/\/cartelesmix.es\/images\/CartelesA\/ardillaroja9305.jpg\" target=\"_blank\"><img loading=\"lazy\" decoding=\"async\" class=\"alignnone size-medium wp-image-22315\" title=\"ardillaroja9305\" src=\"http:\/\/cartelesmix.es\/images\/CartelesA\/ardillaroja9305-133x240.jpg\" alt=\"\" width=\"133\" height=\"240\" \/><\/a><\/div>\n<\/div>\n","protected":false},"excerpt":{"rendered":"<p>G\u00e9nero: Drama, Rom\u00e1ntica\u00a0 Pa\u00eds: Espa\u00f1a Direcci\u00f3n:\u00a0 Julio Medem Interpretaci\u00f3n:\u00a0 Carmelo G\u00f3mez, Nancho Novo, Emma Su\u00e1rez, Karra Elejalde, Mar\u00eda Barranco, Cristina Marcos, Elena Irureta, Ana Gracia, M\u00f3nica Molina, Chete Lera, Txema Blasco, Susana Garc\u00eda Sinopsis:\u00a0 En una noche de verano Jota (Nancho Novo), desesperado por el abandono de su gran amor, intenta suicidarse arroj\u00e1ndose al mar. &hellip; <\/p>\n<p class=\"link-more\"><a href=\"https:\/\/cartelesmix.com\/2020carteles\/la-ardilla-roja-la-ardilla-roja-1993\/\" class=\"more-link\">Continuar leyendo<span class=\"screen-reader-text\"> \u00abLa ardilla roja (La ardilla roja) (1993)\u00bb<\/span><\/a><\/p>\n","protected":false},"author":3,"featured_media":0,"comment_status":"closed","ping_status":"closed","sticky":false,"template":"","format":"standard","meta":{"footnotes":""},"categories":[],"tags":[],"class_list":["post-13134","post","type-post","status-publish","format-standard","hentry"],"_links":{"self":[{"href":"https:\/\/cartelesmix.com\/2020carteles\/wp-json\/wp\/v2\/posts\/13134","targetHints":{"allow":["GET"]}}],"collection":[{"href":"https:\/\/cartelesmix.com\/2020carteles\/wp-json\/wp\/v2\/posts"}],"about":[{"href":"https:\/\/cartelesmix.com\/2020carteles\/wp-json\/wp\/v2\/types\/post"}],"author":[{"embeddable":true,"href":"https:\/\/cartelesmix.com\/2020carteles\/wp-json\/wp\/v2\/users\/3"}],"replies":[{"embeddable":true,"href":"https:\/\/cartelesmix.com\/2020carteles\/wp-json\/wp\/v2\/comments?post=13134"}],"version-history":[{"count":1,"href":"https:\/\/cartelesmix.com\/2020carteles\/wp-json\/wp\/v2\/posts\/13134\/revisions"}],"predecessor-version":[{"id":100254,"href":"https:\/\/cartelesmix.com\/2020carteles\/wp-json\/wp\/v2\/posts\/13134\/revisions\/100254"}],"wp:attachment":[{"href":"https:\/\/cartelesmix.com\/2020carteles\/wp-json\/wp\/v2\/media?parent=13134"}],"wp:term":[{"taxonomy":"category","embeddable":true,"href":"https:\/\/cartelesmix.com\/2020carteles\/wp-json\/wp\/v2\/categories?post=13134"},{"taxonomy":"post_tag","embeddable":true,"href":"https:\/\/cartelesmix.com\/2020carteles\/wp-json\/wp\/v2\/tags?post=13134"}],"curies":[{"name":"wp","href":"https:\/\/api.w.org\/{rel}","templated":true}]}}