{"id":13139,"date":"2010-03-16T18:48:15","date_gmt":"2010-03-16T17:48:15","guid":{"rendered":"http:\/\/www.mixcarteles.com\/cartelesmix\/?p=13139"},"modified":"2017-11-10T07:21:42","modified_gmt":"2017-11-10T07:21:42","slug":"la-balsa-de-piedra-2001","status":"publish","type":"post","link":"https:\/\/cartelesmix.com\/2020carteles\/la-balsa-de-piedra-2001\/","title":{"rendered":"La balsa de piedra (La balsa de piedra) (2001)"},"content":{"rendered":"<div><strong>G\u00e9nero:<\/strong> Drama\u00a0\u00a0\u00a0 <strong>Pa\u00eds:<\/strong> Espa\u00f1a, Portugal, Pa\u00edses Bajos<\/div>\n<div><strong>Direcci\u00f3n:<\/strong>\u00a0 George Sluizer<\/div>\n<div>\n<div><strong>Interpretaci\u00f3n:<\/strong>\u00a0 Federico Luppi, Ic\u00edar Bolla\u00edn, Gabino Diego, Ana Padrao, Diego Infante<\/div>\n<div><strong>Sinopsis:<\/strong>\u00a0 Cuenta como una gran falla separa la pen\u00ednsula ib\u00e9rica de Europa. Mientras Espa\u00f1a y Portugal van a la deriva por el oc\u00e9ano Atl\u00e1ntico, diversos acontecimientos m\u00e1gicos tienen lugar. S\u00f3lo unos pocos elegidos reciben la se\u00f1al de que algo conmovedor va a suceder. Diversas se\u00f1ales lo atestiguan; mientras Jos\u00e9 es perseguido por estorninos, Joaquim lanza una piedra pesada que rebota en la superficie del mar.<\/div>\n<\/div>\n<div>\n<div>\n<hr \/>\n<\/div>\n<\/div>\n<div>\n<div><strong>Carteles:<\/strong><\/div>\n<div><strong>\u00a0<\/strong><\/div>\n<div><a href=\"http:\/\/cartelesmix.es\/images\/CartelesB\/balsapiedra0201.jpg\" target=\"_blank\"><img loading=\"lazy\" decoding=\"async\" class=\"alignnone size-medium wp-image-30582\" title=\"balsapiedra0201\" src=\"http:\/\/cartelesmix.es\/images\/CartelesB\/balsapiedra0201-168x239.jpg\" alt=\"\" width=\"168\" height=\"239\" \/><\/a><\/div>\n<\/div>\n","protected":false},"excerpt":{"rendered":"<p>G\u00e9nero: Drama\u00a0\u00a0\u00a0 Pa\u00eds: Espa\u00f1a, Portugal, Pa\u00edses Bajos Direcci\u00f3n:\u00a0 George Sluizer Interpretaci\u00f3n:\u00a0 Federico Luppi, Ic\u00edar Bolla\u00edn, Gabino Diego, Ana Padrao, Diego Infante Sinopsis:\u00a0 Cuenta como una gran falla separa la pen\u00ednsula ib\u00e9rica de Europa. Mientras Espa\u00f1a y Portugal van a la deriva por el oc\u00e9ano Atl\u00e1ntico, diversos acontecimientos m\u00e1gicos tienen lugar. S\u00f3lo unos pocos elegidos reciben &hellip; <\/p>\n<p class=\"link-more\"><a href=\"https:\/\/cartelesmix.com\/2020carteles\/la-balsa-de-piedra-2001\/\" class=\"more-link\">Continuar leyendo<span class=\"screen-reader-text\"> \u00abLa balsa de piedra (La balsa de piedra) (2001)\u00bb<\/span><\/a><\/p>\n","protected":false},"author":3,"featured_media":0,"comment_status":"closed","ping_status":"closed","sticky":false,"template":"","format":"standard","meta":{"footnotes":""},"categories":[],"tags":[],"class_list":["post-13139","post","type-post","status-publish","format-standard","hentry"],"_links":{"self":[{"href":"https:\/\/cartelesmix.com\/2020carteles\/wp-json\/wp\/v2\/posts\/13139","targetHints":{"allow":["GET"]}}],"collection":[{"href":"https:\/\/cartelesmix.com\/2020carteles\/wp-json\/wp\/v2\/posts"}],"about":[{"href":"https:\/\/cartelesmix.com\/2020carteles\/wp-json\/wp\/v2\/types\/post"}],"author":[{"embeddable":true,"href":"https:\/\/cartelesmix.com\/2020carteles\/wp-json\/wp\/v2\/users\/3"}],"replies":[{"embeddable":true,"href":"https:\/\/cartelesmix.com\/2020carteles\/wp-json\/wp\/v2\/comments?post=13139"}],"version-history":[{"count":1,"href":"https:\/\/cartelesmix.com\/2020carteles\/wp-json\/wp\/v2\/posts\/13139\/revisions"}],"predecessor-version":[{"id":100249,"href":"https:\/\/cartelesmix.com\/2020carteles\/wp-json\/wp\/v2\/posts\/13139\/revisions\/100249"}],"wp:attachment":[{"href":"https:\/\/cartelesmix.com\/2020carteles\/wp-json\/wp\/v2\/media?parent=13139"}],"wp:term":[{"taxonomy":"category","embeddable":true,"href":"https:\/\/cartelesmix.com\/2020carteles\/wp-json\/wp\/v2\/categories?post=13139"},{"taxonomy":"post_tag","embeddable":true,"href":"https:\/\/cartelesmix.com\/2020carteles\/wp-json\/wp\/v2\/tags?post=13139"}],"curies":[{"name":"wp","href":"https:\/\/api.w.org\/{rel}","templated":true}]}}