{"id":13146,"date":"2010-03-16T18:49:52","date_gmt":"2010-03-16T17:49:52","guid":{"rendered":"http:\/\/www.mixcarteles.com\/cartelesmix\/?p=13146"},"modified":"2017-11-10T07:21:40","modified_gmt":"2017-11-10T07:21:40","slug":"la-batalla-de-argel-la-battaglia-di-algeri-1966","status":"publish","type":"post","link":"https:\/\/cartelesmix.com\/2020carteles\/la-batalla-de-argel-la-battaglia-di-algeri-1966\/","title":{"rendered":"La batalla de Argel (La Battaglia di Algeri) (1965)"},"content":{"rendered":"<div><strong>G\u00e9nero:<\/strong> Drama, Hist\u00f3rico, B\u00e9lica\u00a0\u00a0\u00a0 <strong>Pa\u00eds:<\/strong> Argelia, Italia<\/div>\n<div>\n<div><strong>Direcci\u00f3n:<\/strong>\u00a0 Gillo Pontecorvo<\/div>\n<\/div>\n<div>\n<div><strong>Interpretaci\u00f3n:<\/strong>\u00a0 Jean Martin, Yacef Saadi, Brahim Haggiag, Fusia El Kader, Samia Kerbash<\/div>\n<div><strong>Sinopsis:<\/strong>\u00a0 Aut\u00e9ntico documento de la guerra de Argelia, culminaci\u00f3n de la cual fue su independencia con respecto a Francia. Rodado \u00edntegramente en Argelia y protagonizado por Yacef Saadi, personaje fundamental en la movilizaci\u00f3n argelina revolucionaria.<\/div>\n<\/div>\n<div>\n<div><strong>Premios:<\/strong><\/div>\n<div>1968: 2 nominaciones al Oscar: Mejor director, gui\u00f3n original<br \/>\n1966: Nominada al Oscar: Mejor pel\u00edcula de habla no inglesa<br \/>\n1966: Festival de Venecia: Le\u00f3n de Oro<\/div>\n<\/div>\n<hr \/>\n<div>\n<div><strong>Carteles:<\/strong><\/div>\n<div><strong>\u00a0<\/strong><\/div>\n<div><a href=\"http:\/\/cartelesmix.es\/images\/CartelesB\/batalladeargel6501.jpg\" target=\"_blank\"><img loading=\"lazy\" decoding=\"async\" class=\"alignnone size-medium wp-image-30709\" title=\"batalladeargel6501\" src=\"http:\/\/cartelesmix.es\/images\/CartelesB\/batalladeargel6501-180x240.jpg\" alt=\"\" width=\"180\" height=\"240\" \/><\/a>\u00a0<a href=\"http:\/\/cartelesmix.es\/images\/CartelesB\/batalladeargel6502.jpg\" target=\"_blank\"><img loading=\"lazy\" decoding=\"async\" class=\"alignnone size-medium wp-image-30710\" title=\"batalladeargel6502\" src=\"http:\/\/cartelesmix.es\/images\/CartelesB\/batalladeargel6502-94x240.jpg\" alt=\"\" width=\"94\" height=\"240\" \/><\/a>\u00a0<a href=\"http:\/\/cartelesmix.es\/images\/CartelesB\/batalladeargel6503.jpg\" target=\"_blank\"><img loading=\"lazy\" decoding=\"async\" class=\"alignnone size-medium wp-image-30711\" title=\"batalladeargel6503\" src=\"http:\/\/cartelesmix.es\/images\/CartelesB\/batalladeargel6503-160x240.jpg\" alt=\"\" width=\"160\" height=\"240\" \/><\/a>\u00a0<a href=\"http:\/\/cartelesmix.es\/images\/CartelesB\/batalladeargel6504.jpg\" target=\"_blank\"><img loading=\"lazy\" decoding=\"async\" class=\"alignnone size-medium wp-image-30708\" title=\"batalladeargel6504\" src=\"http:\/\/cartelesmix.es\/images\/CartelesB\/batalladeargel6504-169x240.jpg\" alt=\"\" width=\"169\" height=\"240\" \/><\/a><\/div>\n<\/div>\n","protected":false},"excerpt":{"rendered":"<p>G\u00e9nero: Drama, Hist\u00f3rico, B\u00e9lica\u00a0\u00a0\u00a0 Pa\u00eds: Argelia, Italia Direcci\u00f3n:\u00a0 Gillo Pontecorvo Interpretaci\u00f3n:\u00a0 Jean Martin, Yacef Saadi, Brahim Haggiag, Fusia El Kader, Samia Kerbash Sinopsis:\u00a0 Aut\u00e9ntico documento de la guerra de Argelia, culminaci\u00f3n de la cual fue su independencia con respecto a Francia. Rodado \u00edntegramente en Argelia y protagonizado por Yacef Saadi, personaje fundamental en la movilizaci\u00f3n &hellip; <\/p>\n<p class=\"link-more\"><a href=\"https:\/\/cartelesmix.com\/2020carteles\/la-batalla-de-argel-la-battaglia-di-algeri-1966\/\" class=\"more-link\">Continuar leyendo<span class=\"screen-reader-text\"> \u00abLa batalla de Argel (La Battaglia di Algeri) (1965)\u00bb<\/span><\/a><\/p>\n","protected":false},"author":3,"featured_media":0,"comment_status":"closed","ping_status":"closed","sticky":false,"template":"","format":"standard","meta":{"footnotes":""},"categories":[],"tags":[],"class_list":["post-13146","post","type-post","status-publish","format-standard","hentry"],"_links":{"self":[{"href":"https:\/\/cartelesmix.com\/2020carteles\/wp-json\/wp\/v2\/posts\/13146","targetHints":{"allow":["GET"]}}],"collection":[{"href":"https:\/\/cartelesmix.com\/2020carteles\/wp-json\/wp\/v2\/posts"}],"about":[{"href":"https:\/\/cartelesmix.com\/2020carteles\/wp-json\/wp\/v2\/types\/post"}],"author":[{"embeddable":true,"href":"https:\/\/cartelesmix.com\/2020carteles\/wp-json\/wp\/v2\/users\/3"}],"replies":[{"embeddable":true,"href":"https:\/\/cartelesmix.com\/2020carteles\/wp-json\/wp\/v2\/comments?post=13146"}],"version-history":[{"count":1,"href":"https:\/\/cartelesmix.com\/2020carteles\/wp-json\/wp\/v2\/posts\/13146\/revisions"}],"predecessor-version":[{"id":100242,"href":"https:\/\/cartelesmix.com\/2020carteles\/wp-json\/wp\/v2\/posts\/13146\/revisions\/100242"}],"wp:attachment":[{"href":"https:\/\/cartelesmix.com\/2020carteles\/wp-json\/wp\/v2\/media?parent=13146"}],"wp:term":[{"taxonomy":"category","embeddable":true,"href":"https:\/\/cartelesmix.com\/2020carteles\/wp-json\/wp\/v2\/categories?post=13146"},{"taxonomy":"post_tag","embeddable":true,"href":"https:\/\/cartelesmix.com\/2020carteles\/wp-json\/wp\/v2\/tags?post=13146"}],"curies":[{"name":"wp","href":"https:\/\/api.w.org\/{rel}","templated":true}]}}