{"id":13165,"date":"2010-03-16T18:55:02","date_gmt":"2010-03-16T17:55:02","guid":{"rendered":"http:\/\/www.mixcarteles.com\/cartelesmix\/?p=13165"},"modified":"2017-11-10T07:21:38","modified_gmt":"2017-11-10T07:21:38","slug":"la-biblia-the-bible-1966","status":"publish","type":"post","link":"https:\/\/cartelesmix.com\/2020carteles\/la-biblia-the-bible-1966\/","title":{"rendered":"La Biblia (The Bible: In the Beginning&#8230;) (1966)"},"content":{"rendered":"<div><strong>G\u00e9nero:<\/strong> Drama\u00a0\u00a0\u00a0 <strong>Pa\u00eds:<\/strong> Estados Unidos, Italia<\/div>\n<div>\n<div><strong>Direcci\u00f3n:<\/strong>\u00a0 John Huston<\/div>\n<\/div>\n<div>\n<div><strong>Interpretaci\u00f3n:<\/strong>\u00a0 Michael Parks, Ulla Bergryd, Richard Harris, John Huston, Stephen Boyd, George C. Scott, Ava Gardner, Peter O&#8217;Toole, Zoe Sallis, Gabriele Ferzetti, Eleonora Rossi Drago<\/div>\n<\/div>\n<div>\n<div><strong>Sinopsis:<\/strong>\u00a0 Cuenta varias historias b\u00edblicas, como la Creaci\u00f3n del Mundo, la expulsi\u00f3n del hombre del Para\u00edso Terrenal, la expansi\u00f3n del Pueblo de Dios por la Faz de la Tierra, el Diluvio Universal o la destrucci\u00f3n de Sodoma y Gomorra.<\/div>\n<\/div>\n<div>\n<div><strong>Premios:<\/strong><\/div>\n<div>1966: Nominada al Oscar: Mejor banda sonora<\/div>\n<\/div>\n<hr \/>\n<div>\n<div><strong>Carteles:<\/strong><\/div>\n<div><strong>\u00a0<\/strong><\/div>\n<div><a href=\"http:\/\/cartelesmix.es\/images\/CartelesB\/biblia6601.jpg\" target=\"_blank\"><img loading=\"lazy\" decoding=\"async\" class=\"alignnone size-medium wp-image-31178\" title=\"biblia6601\" src=\"http:\/\/cartelesmix.es\/images\/CartelesB\/biblia6601-156x240.jpg\" alt=\"\" width=\"156\" height=\"240\" \/><\/a>\u00a0<a href=\"http:\/\/cartelesmix.es\/images\/CartelesB\/biblia6602.jpg\" target=\"_blank\"><img loading=\"lazy\" decoding=\"async\" class=\"alignnone size-medium wp-image-31179\" title=\"biblia6602\" src=\"http:\/\/cartelesmix.es\/images\/CartelesB\/biblia6602-158x240.jpg\" alt=\"\" width=\"158\" height=\"240\" \/><\/a>\u00a0<a href=\"http:\/\/cartelesmix.es\/images\/CartelesB\/biblia6603.jpg\" target=\"_blank\"><img loading=\"lazy\" decoding=\"async\" class=\"alignnone size-medium wp-image-31180\" title=\"biblia6603\" src=\"http:\/\/cartelesmix.es\/images\/CartelesB\/biblia6603-240x188.jpg\" alt=\"\" width=\"240\" height=\"188\" \/><\/a>\u00a0<a href=\"http:\/\/cartelesmix.es\/images\/CartelesB\/biblia6604.jpg\" target=\"_blank\"><img loading=\"lazy\" decoding=\"async\" class=\"alignnone size-medium wp-image-31181\" title=\"biblia6604\" src=\"http:\/\/cartelesmix.es\/images\/CartelesB\/biblia6604-158x240.jpg\" alt=\"\" width=\"158\" height=\"240\" \/><\/a>\u00a0<a href=\"http:\/\/cartelesmix.es\/images\/CartelesB\/biblia6605.jpg\" target=\"_blank\"><img loading=\"lazy\" decoding=\"async\" class=\"alignnone size-medium wp-image-31182\" title=\"biblia6605\" src=\"http:\/\/cartelesmix.es\/images\/CartelesB\/biblia6605-179x240.jpg\" alt=\"\" width=\"179\" height=\"240\" \/><\/a>\u00a0<a href=\"http:\/\/cartelesmix.es\/images\/CartelesB\/biblia6606.jpg\" target=\"_blank\"><img loading=\"lazy\" decoding=\"async\" class=\"alignnone size-medium wp-image-31183\" title=\"biblia6606\" src=\"http:\/\/cartelesmix.es\/images\/CartelesB\/biblia6606-179x240.jpg\" alt=\"\" width=\"179\" height=\"240\" \/><\/a>\u00a0<a href=\"http:\/\/cartelesmix.es\/images\/CartelesB\/biblia6607.jpg\" target=\"_blank\"><img loading=\"lazy\" decoding=\"async\" class=\"alignnone size-medium wp-image-31184\" title=\"biblia6607\" src=\"http:\/\/cartelesmix.es\/images\/CartelesB\/biblia6607-147x240.jpg\" alt=\"\" width=\"147\" height=\"240\" \/><\/a><\/div>\n<\/div>\n","protected":false},"excerpt":{"rendered":"<p>G\u00e9nero: Drama\u00a0\u00a0\u00a0 Pa\u00eds: Estados Unidos, Italia Direcci\u00f3n:\u00a0 John Huston Interpretaci\u00f3n:\u00a0 Michael Parks, Ulla Bergryd, Richard Harris, John Huston, Stephen Boyd, George C. Scott, Ava Gardner, Peter O&#8217;Toole, Zoe Sallis, Gabriele Ferzetti, Eleonora Rossi Drago Sinopsis:\u00a0 Cuenta varias historias b\u00edblicas, como la Creaci\u00f3n del Mundo, la expulsi\u00f3n del hombre del Para\u00edso Terrenal, la expansi\u00f3n del Pueblo &hellip; <\/p>\n<p class=\"link-more\"><a href=\"https:\/\/cartelesmix.com\/2020carteles\/la-biblia-the-bible-1966\/\" class=\"more-link\">Continuar leyendo<span class=\"screen-reader-text\"> \u00abLa Biblia (The Bible: In the Beginning&#8230;) (1966)\u00bb<\/span><\/a><\/p>\n","protected":false},"author":3,"featured_media":0,"comment_status":"closed","ping_status":"closed","sticky":false,"template":"","format":"standard","meta":{"footnotes":""},"categories":[],"tags":[],"class_list":["post-13165","post","type-post","status-publish","format-standard","hentry"],"_links":{"self":[{"href":"https:\/\/cartelesmix.com\/2020carteles\/wp-json\/wp\/v2\/posts\/13165","targetHints":{"allow":["GET"]}}],"collection":[{"href":"https:\/\/cartelesmix.com\/2020carteles\/wp-json\/wp\/v2\/posts"}],"about":[{"href":"https:\/\/cartelesmix.com\/2020carteles\/wp-json\/wp\/v2\/types\/post"}],"author":[{"embeddable":true,"href":"https:\/\/cartelesmix.com\/2020carteles\/wp-json\/wp\/v2\/users\/3"}],"replies":[{"embeddable":true,"href":"https:\/\/cartelesmix.com\/2020carteles\/wp-json\/wp\/v2\/comments?post=13165"}],"version-history":[{"count":1,"href":"https:\/\/cartelesmix.com\/2020carteles\/wp-json\/wp\/v2\/posts\/13165\/revisions"}],"predecessor-version":[{"id":100223,"href":"https:\/\/cartelesmix.com\/2020carteles\/wp-json\/wp\/v2\/posts\/13165\/revisions\/100223"}],"wp:attachment":[{"href":"https:\/\/cartelesmix.com\/2020carteles\/wp-json\/wp\/v2\/media?parent=13165"}],"wp:term":[{"taxonomy":"category","embeddable":true,"href":"https:\/\/cartelesmix.com\/2020carteles\/wp-json\/wp\/v2\/categories?post=13165"},{"taxonomy":"post_tag","embeddable":true,"href":"https:\/\/cartelesmix.com\/2020carteles\/wp-json\/wp\/v2\/tags?post=13165"}],"curies":[{"name":"wp","href":"https:\/\/api.w.org\/{rel}","templated":true}]}}