{"id":13166,"date":"2010-03-16T18:55:17","date_gmt":"2010-03-16T17:55:17","guid":{"rendered":"http:\/\/www.mixcarteles.com\/cartelesmix\/?p=13166"},"modified":"2017-11-10T07:21:38","modified_gmt":"2017-11-10T07:21:38","slug":"la-bici-le-velo-de-ghislain-lambert-2000","status":"publish","type":"post","link":"https:\/\/cartelesmix.com\/2020carteles\/la-bici-le-velo-de-ghislain-lambert-2000\/","title":{"rendered":"La bici de Ghislain Lambert (Le v\u00e9lo de Ghislain Lambert) (2001)"},"content":{"rendered":"<div><strong>G\u00e9nero:<\/strong> Comedia, Drama, Deportiva\u00a0\u00a0\u00a0 <strong>Pa\u00eds:<\/strong> Francia, B\u00e9lgica<\/div>\n<div>\n<div><strong>Direcci\u00f3n:<\/strong>\u00a0 Philippe Harel<\/div>\n<\/div>\n<div>\n<div><strong>Interpretaci\u00f3n:<\/strong>\u00a0\u00a0\u00a0 Beno\u00eet Poelvoorde, Daniel Ceccaldi, Jos\u00e9 Garcia, Antoine de Caunes, Sacha Bourdo<\/div>\n<div><strong>Sinopsis:<\/strong>\u00a0 Ghislain Lambert es un ciclista de los a\u00f1o 70 cuya \u00fanica ambici\u00f3n es llegar a ser un campe\u00f3n en su deporte y su \u00fanica desgracia es la de no tener las piernas que su coraz\u00f3n merece.<\/div>\n<\/div>\n<hr \/>\n<div>\n<div><strong>Carteles:<\/strong><\/div>\n<div><strong>\u00a0<\/strong><\/div>\n<div><a href=\"http:\/\/cartelesmix.es\/images\/CartelesB\/bici0101.jpg\" target=\"_blank\"><img loading=\"lazy\" decoding=\"async\" class=\"alignnone size-medium wp-image-31187\" title=\"bici0101\" src=\"http:\/\/cartelesmix.es\/images\/CartelesB\/bici0101-167x240.jpg\" alt=\"\" width=\"167\" height=\"240\" \/><\/a>\u00a0<a href=\"http:\/\/cartelesmix.es\/images\/CartelesB\/bici0102.jpg\" target=\"_blank\"><img loading=\"lazy\" decoding=\"async\" class=\"alignnone size-medium wp-image-31188\" title=\"bici0102\" src=\"http:\/\/cartelesmix.es\/images\/CartelesB\/bici0102-167x240.jpg\" alt=\"\" width=\"167\" height=\"240\" \/><\/a><\/div>\n<\/div>\n","protected":false},"excerpt":{"rendered":"<p>G\u00e9nero: Comedia, Drama, Deportiva\u00a0\u00a0\u00a0 Pa\u00eds: Francia, B\u00e9lgica Direcci\u00f3n:\u00a0 Philippe Harel Interpretaci\u00f3n:\u00a0\u00a0\u00a0 Beno\u00eet Poelvoorde, Daniel Ceccaldi, Jos\u00e9 Garcia, Antoine de Caunes, Sacha Bourdo Sinopsis:\u00a0 Ghislain Lambert es un ciclista de los a\u00f1o 70 cuya \u00fanica ambici\u00f3n es llegar a ser un campe\u00f3n en su deporte y su \u00fanica desgracia es la de no tener las piernas &hellip; <\/p>\n<p class=\"link-more\"><a href=\"https:\/\/cartelesmix.com\/2020carteles\/la-bici-le-velo-de-ghislain-lambert-2000\/\" class=\"more-link\">Continuar leyendo<span class=\"screen-reader-text\"> \u00abLa bici de Ghislain Lambert (Le v\u00e9lo de Ghislain Lambert) (2001)\u00bb<\/span><\/a><\/p>\n","protected":false},"author":3,"featured_media":0,"comment_status":"closed","ping_status":"closed","sticky":false,"template":"","format":"standard","meta":{"footnotes":""},"categories":[],"tags":[],"class_list":["post-13166","post","type-post","status-publish","format-standard","hentry"],"_links":{"self":[{"href":"https:\/\/cartelesmix.com\/2020carteles\/wp-json\/wp\/v2\/posts\/13166","targetHints":{"allow":["GET"]}}],"collection":[{"href":"https:\/\/cartelesmix.com\/2020carteles\/wp-json\/wp\/v2\/posts"}],"about":[{"href":"https:\/\/cartelesmix.com\/2020carteles\/wp-json\/wp\/v2\/types\/post"}],"author":[{"embeddable":true,"href":"https:\/\/cartelesmix.com\/2020carteles\/wp-json\/wp\/v2\/users\/3"}],"replies":[{"embeddable":true,"href":"https:\/\/cartelesmix.com\/2020carteles\/wp-json\/wp\/v2\/comments?post=13166"}],"version-history":[{"count":1,"href":"https:\/\/cartelesmix.com\/2020carteles\/wp-json\/wp\/v2\/posts\/13166\/revisions"}],"predecessor-version":[{"id":100222,"href":"https:\/\/cartelesmix.com\/2020carteles\/wp-json\/wp\/v2\/posts\/13166\/revisions\/100222"}],"wp:attachment":[{"href":"https:\/\/cartelesmix.com\/2020carteles\/wp-json\/wp\/v2\/media?parent=13166"}],"wp:term":[{"taxonomy":"category","embeddable":true,"href":"https:\/\/cartelesmix.com\/2020carteles\/wp-json\/wp\/v2\/categories?post=13166"},{"taxonomy":"post_tag","embeddable":true,"href":"https:\/\/cartelesmix.com\/2020carteles\/wp-json\/wp\/v2\/tags?post=13166"}],"curies":[{"name":"wp","href":"https:\/\/api.w.org\/{rel}","templated":true}]}}