{"id":1963,"date":"2010-01-23T19:03:07","date_gmt":"2010-01-23T18:03:07","guid":{"rendered":"http:\/\/www.mixcarteles.com\/cartelesmix\/?p=1963"},"modified":"2017-11-10T09:23:56","modified_gmt":"2017-11-10T09:23:56","slug":"como-los-demas-comme-les-autres-2008","status":"publish","type":"post","link":"https:\/\/cartelesmix.com\/2020carteles\/como-los-demas-comme-les-autres-2008\/","title":{"rendered":"Como los dem\u00e1s (Comme les autres) (2008)"},"content":{"rendered":"<div><strong>G\u00e9nero:<\/strong> Comedia\u00a0\u00a0\u00a0 <strong>Pa\u00eds:<\/strong> Francia<\/div>\n<div>\n<div><strong>Direcci\u00f3n:<\/strong>\u00a0 Vincent Garenq<\/div>\n<\/div>\n<div>\n<div><strong>Interpretaci\u00f3n:<\/strong>\u00a0 Lambert Wilson, Pilar L\u00f3pez de Ayala, Pascal Elb\u00e9, Anne Brochet, Andr\u00e9e Damant, Florence Darel, Marc Duret<\/div>\n<div><strong>Sinopsis:<\/strong>\u00a0 Emmanuel y Philippe forman la pareja perfecta, se aman y se llevan bien&#8230; Hasta que Emmanuel siente el deseo de ser padre, a pesar de la oposici\u00f3n de Philippe. Arriesg\u00e1ndose a perder a su gran amor, sigue adelante. Pero, \u00bfc\u00f3mo tener un hijo siendo gay?.<\/div>\n<\/div>\n<hr \/>\n<div>\n<div><strong>Carteles:<\/strong><\/div>\n<div><strong>\u00a0<\/strong><\/div>\n<div><a href=\"http:\/\/cartelesmix.es\/images\/CartelesC\/comolosdemas0801.jpg\" target=\"_blank\"><img loading=\"lazy\" decoding=\"async\" class=\"alignnone size-medium wp-image-39751\" title=\"comolosdemas0801\" src=\"http:\/\/cartelesmix.es\/images\/CartelesC\/comolosdemas0801-176x240.jpg\" alt=\"\" width=\"176\" height=\"240\" \/><\/a>\u00a0<a href=\"http:\/\/cartelesmix.es\/images\/CartelesC\/comolosdemas0802.jpg\" target=\"_blank\"><img loading=\"lazy\" decoding=\"async\" class=\"alignnone size-medium wp-image-39752\" title=\"comolosdemas0802\" src=\"http:\/\/cartelesmix.es\/images\/CartelesC\/comolosdemas0802-169x240.jpg\" alt=\"\" width=\"169\" height=\"240\" \/><\/a>\u00a0<a href=\"http:\/\/cartelesmix.es\/images\/CartelesC\/comolosdemas0803.jpg\" target=\"_blank\"><img loading=\"lazy\" decoding=\"async\" class=\"alignnone size-medium wp-image-39753\" title=\"comolosdemas0803\" src=\"http:\/\/cartelesmix.es\/images\/CartelesC\/comolosdemas0803-176x240.jpg\" alt=\"\" width=\"176\" height=\"240\" \/><\/a>\u00a0<a href=\"http:\/\/cartelesmix.es\/images\/CartelesC\/comolosdemas0804.jpg\" target=\"_blank\"><img loading=\"lazy\" decoding=\"async\" class=\"alignnone size-medium wp-image-39754\" title=\"comolosdemas0804\" src=\"http:\/\/cartelesmix.es\/images\/CartelesC\/comolosdemas0804-167x239.jpg\" alt=\"\" width=\"167\" height=\"239\" \/><\/a>\u00a0<a href=\"http:\/\/cartelesmix.es\/images\/CartelesC\/comolosdemas0805.jpg\" target=\"_blank\"><img loading=\"lazy\" decoding=\"async\" class=\"alignnone size-medium wp-image-39755\" title=\"comolosdemas0805\" src=\"http:\/\/cartelesmix.es\/images\/CartelesC\/comolosdemas0805-168x240.jpg\" alt=\"\" width=\"168\" height=\"240\" \/><\/a>\u00a0<a href=\"http:\/\/cartelesmix.es\/images\/CartelesC\/comolosdemas0806.jpg\" target=\"_blank\"><img loading=\"lazy\" decoding=\"async\" class=\"alignnone size-medium wp-image-39819\" title=\"comolosdemas0806\" src=\"http:\/\/cartelesmix.es\/images\/CartelesC\/comolosdemas0806-240x202.jpg\" alt=\"\" width=\"240\" height=\"202\" \/><\/a>\u00a0<a href=\"http:\/\/cartelesmix.es\/images\/CartelesC\/comolosdemas0807.jpg\" target=\"_blank\"><img loading=\"lazy\" decoding=\"async\" class=\"alignnone size-medium wp-image-39818\" title=\"comolosdemas0807\" src=\"http:\/\/cartelesmix.es\/images\/CartelesC\/comolosdemas0807-240x203.jpg\" alt=\"\" width=\"240\" height=\"203\" \/><\/a><a href=\"http:\/\/cartelesmix.es\/images\/CartelesC\/comolosdemas0806-e1292269653616.jpg\"><\/a><\/div>\n<\/div>\n","protected":false},"excerpt":{"rendered":"<p>G\u00e9nero: Comedia\u00a0\u00a0\u00a0 Pa\u00eds: Francia Direcci\u00f3n:\u00a0 Vincent Garenq Interpretaci\u00f3n:\u00a0 Lambert Wilson, Pilar L\u00f3pez de Ayala, Pascal Elb\u00e9, Anne Brochet, Andr\u00e9e Damant, Florence Darel, Marc Duret Sinopsis:\u00a0 Emmanuel y Philippe forman la pareja perfecta, se aman y se llevan bien&#8230; Hasta que Emmanuel siente el deseo de ser padre, a pesar de la oposici\u00f3n de Philippe. Arriesg\u00e1ndose &hellip; <\/p>\n<p class=\"link-more\"><a href=\"https:\/\/cartelesmix.com\/2020carteles\/como-los-demas-comme-les-autres-2008\/\" class=\"more-link\">Continuar leyendo<span class=\"screen-reader-text\"> \u00abComo los dem\u00e1s (Comme les autres) (2008)\u00bb<\/span><\/a><\/p>\n","protected":false},"author":3,"featured_media":0,"comment_status":"closed","ping_status":"closed","sticky":false,"template":"","format":"standard","meta":{"footnotes":""},"categories":[],"tags":[],"class_list":["post-1963","post","type-post","status-publish","format-standard","hentry"],"_links":{"self":[{"href":"https:\/\/cartelesmix.com\/2020carteles\/wp-json\/wp\/v2\/posts\/1963","targetHints":{"allow":["GET"]}}],"collection":[{"href":"https:\/\/cartelesmix.com\/2020carteles\/wp-json\/wp\/v2\/posts"}],"about":[{"href":"https:\/\/cartelesmix.com\/2020carteles\/wp-json\/wp\/v2\/types\/post"}],"author":[{"embeddable":true,"href":"https:\/\/cartelesmix.com\/2020carteles\/wp-json\/wp\/v2\/users\/3"}],"replies":[{"embeddable":true,"href":"https:\/\/cartelesmix.com\/2020carteles\/wp-json\/wp\/v2\/comments?post=1963"}],"version-history":[{"count":1,"href":"https:\/\/cartelesmix.com\/2020carteles\/wp-json\/wp\/v2\/posts\/1963\/revisions"}],"predecessor-version":[{"id":106402,"href":"https:\/\/cartelesmix.com\/2020carteles\/wp-json\/wp\/v2\/posts\/1963\/revisions\/106402"}],"wp:attachment":[{"href":"https:\/\/cartelesmix.com\/2020carteles\/wp-json\/wp\/v2\/media?parent=1963"}],"wp:term":[{"taxonomy":"category","embeddable":true,"href":"https:\/\/cartelesmix.com\/2020carteles\/wp-json\/wp\/v2\/categories?post=1963"},{"taxonomy":"post_tag","embeddable":true,"href":"https:\/\/cartelesmix.com\/2020carteles\/wp-json\/wp\/v2\/tags?post=1963"}],"curies":[{"name":"wp","href":"https:\/\/api.w.org\/{rel}","templated":true}]}}