{"id":2123,"date":"2010-01-23T20:30:09","date_gmt":"2010-01-23T19:30:09","guid":{"rendered":"http:\/\/www.mixcarteles.com\/cartelesmix\/?p=2123"},"modified":"2017-11-10T09:23:31","modified_gmt":"2017-11-10T09:23:31","slug":"crisis-solar-solar-crisis-1990","status":"publish","type":"post","link":"https:\/\/cartelesmix.com\/2020carteles\/crisis-solar-solar-crisis-1990\/","title":{"rendered":"Crisis solar (Solar Crisis) (1990)"},"content":{"rendered":"<div><strong>G\u00e9nero:<\/strong> Ciencia Ficci\u00f3n\u00a0\u00a0\u00a0 <strong>Pa\u00eds:<\/strong> Jap\u00f3n, Estados Unidos<\/div>\n<div>\n<div><strong>Direcci\u00f3n:<\/strong>\u00a0 Richard C. Sarafian<\/div>\n<div><strong>Interpretaci\u00f3n:<\/strong> Tim Matheson, Charlton Heston, Peter Boyle, Annabel Schofield, Jack Palance<strong>\u00a0<\/strong><\/div>\n<div><strong>Sinopsis:<\/strong> A mediados del siglo XXI, el Sol est\u00e1 por causar una crisis ambiental en la Tierra. Solo la nave espacial Helios podr\u00e1 salvar a la Humanidad. El director Sarafian ocult\u00f3 su apellido de los cr\u00e9ditos y se camufl\u00f3 como Alan Smithee.<\/p>\n<hr \/>\n<\/div>\n<\/div>\n<div>\n<div><strong>Carteles:<\/strong><\/div>\n<div><strong><\/strong><\/div>\n<div><a href=\"http:\/\/cartelesmix.es\/images\/CartelesC\/crisissolar9001.jpg\" target=\"_blank\"><img loading=\"lazy\" decoding=\"async\" class=\"alignnone size-medium wp-image-45530\" title=\"crisissolar9001\" src=\"http:\/\/cartelesmix.es\/images\/CartelesC\/crisissolar9001-186x240.jpg\" alt=\"\" width=\"186\" height=\"240\" \/><\/a>\u00a0<a href=\"http:\/\/cartelesmix.es\/images\/CartelesC\/crisissolar9002.jpg\" target=\"_blank\"><img loading=\"lazy\" decoding=\"async\" class=\"alignnone size-medium wp-image-45529\" title=\"crisissolar9002\" src=\"http:\/\/cartelesmix.es\/images\/CartelesC\/crisissolar9002-162x240.jpg\" alt=\"\" width=\"162\" height=\"240\" \/><\/a><\/div>\n<\/div>\n","protected":false},"excerpt":{"rendered":"<p>G\u00e9nero: Ciencia Ficci\u00f3n\u00a0\u00a0\u00a0 Pa\u00eds: Jap\u00f3n, Estados Unidos Direcci\u00f3n:\u00a0 Richard C. Sarafian Interpretaci\u00f3n: Tim Matheson, Charlton Heston, Peter Boyle, Annabel Schofield, Jack Palance\u00a0 Sinopsis: A mediados del siglo XXI, el Sol est\u00e1 por causar una crisis ambiental en la Tierra. Solo la nave espacial Helios podr\u00e1 salvar a la Humanidad. El director Sarafian ocult\u00f3 su apellido &hellip; <\/p>\n<p class=\"link-more\"><a href=\"https:\/\/cartelesmix.com\/2020carteles\/crisis-solar-solar-crisis-1990\/\" class=\"more-link\">Continuar leyendo<span class=\"screen-reader-text\"> \u00abCrisis solar (Solar Crisis) (1990)\u00bb<\/span><\/a><\/p>\n","protected":false},"author":3,"featured_media":0,"comment_status":"closed","ping_status":"closed","sticky":false,"template":"","format":"standard","meta":{"footnotes":""},"categories":[],"tags":[],"class_list":["post-2123","post","type-post","status-publish","format-standard","hentry"],"_links":{"self":[{"href":"https:\/\/cartelesmix.com\/2020carteles\/wp-json\/wp\/v2\/posts\/2123","targetHints":{"allow":["GET"]}}],"collection":[{"href":"https:\/\/cartelesmix.com\/2020carteles\/wp-json\/wp\/v2\/posts"}],"about":[{"href":"https:\/\/cartelesmix.com\/2020carteles\/wp-json\/wp\/v2\/types\/post"}],"author":[{"embeddable":true,"href":"https:\/\/cartelesmix.com\/2020carteles\/wp-json\/wp\/v2\/users\/3"}],"replies":[{"embeddable":true,"href":"https:\/\/cartelesmix.com\/2020carteles\/wp-json\/wp\/v2\/comments?post=2123"}],"version-history":[{"count":1,"href":"https:\/\/cartelesmix.com\/2020carteles\/wp-json\/wp\/v2\/posts\/2123\/revisions"}],"predecessor-version":[{"id":106243,"href":"https:\/\/cartelesmix.com\/2020carteles\/wp-json\/wp\/v2\/posts\/2123\/revisions\/106243"}],"wp:attachment":[{"href":"https:\/\/cartelesmix.com\/2020carteles\/wp-json\/wp\/v2\/media?parent=2123"}],"wp:term":[{"taxonomy":"category","embeddable":true,"href":"https:\/\/cartelesmix.com\/2020carteles\/wp-json\/wp\/v2\/categories?post=2123"},{"taxonomy":"post_tag","embeddable":true,"href":"https:\/\/cartelesmix.com\/2020carteles\/wp-json\/wp\/v2\/tags?post=2123"}],"curies":[{"name":"wp","href":"https:\/\/api.w.org\/{rel}","templated":true}]}}