{"id":7216,"date":"2010-03-06T09:00:32","date_gmt":"2010-03-06T08:00:32","guid":{"rendered":"http:\/\/www.mixcarteles.com\/cartelesmix\/?p=7216"},"modified":"2017-11-10T08:34:26","modified_gmt":"2017-11-10T08:34:26","slug":"el-despertar-the-i-inside-2004","status":"publish","type":"post","link":"https:\/\/cartelesmix.com\/2020carteles\/el-despertar-the-i-inside-2004\/","title":{"rendered":"El despertar (The I inside) (2003)"},"content":{"rendered":"<div>\n<div><strong>G\u00e9nero:<\/strong>\u00a0Crimen,\u00a0Misterio,\u00a0Ciencia Ficci\u00f3n,\u00a0Thriller\u00a0\u00a0\u00a0 <strong>Pa\u00eds:\u00a0<\/strong>Reino Unido,\u00a0Estados Unidos<\/div>\n<div>\n<div><strong>Direcci\u00f3n:<\/strong> Roland Suso Richter<\/div>\n<\/div>\n<div>\n<div><strong>Interpretaci\u00f3n:<\/strong>\u00a0 Ryan Phillippe,\u00a0Sarah Polley,\u00a0Stephen Rea,\u00a0Robert Sean Leonard,\u00a0Piper Perabo,\u00a0Stephen Lang,Peter Egan,\u00a0Stephen Graham,\u00a0Rakie Ayola<\/div>\n<div><strong>Sinopsis:<\/strong> Tras una experiencia pr\u00f3xima a la muerte, Simon Cable se despierta en el hospital con amnesia. Se han borrado de su memoria los recuerdos de los dos \u00faltimos a\u00f1os de su vida. A partir de ah\u00ed, y con la ayuda de su m\u00e9dico, el Dr. Newman, Cable intentar\u00e1 reconstruir de nuevo su vida. Una tarea nada f\u00e1cil, especialmente cuando su mujer, Anna, no s\u00f3lo parece odiarle, sino que le cree responsable de la muerte de su hermano, muerto en extra\u00f1as circunstancias dos a\u00f1os antes.<\/div>\n<\/div>\n<\/div>\n<hr \/>\n<div>\n<div><strong>Carteles:<\/strong><\/div>\n<div><strong>\u00a0<\/strong><\/div>\n<div><a href=\"http:\/\/cartelesmix.es\/images\/CartelesD\/despertar0301.jpg\" target=\"_blank\"><img loading=\"lazy\" decoding=\"async\" class=\"alignnone size-medium wp-image-58406\" title=\"despertar0301\" src=\"http:\/\/cartelesmix.es\/images\/CartelesD\/despertar0301-167x240.jpg\" alt=\"\" width=\"167\" height=\"240\" \/><\/a>\u00a0<a href=\"http:\/\/cartelesmix.es\/images\/CartelesD\/despertar0302.jpg\" target=\"_blank\"><img loading=\"lazy\" decoding=\"async\" class=\"alignnone size-medium wp-image-58407\" title=\"despertar0302\" src=\"http:\/\/cartelesmix.es\/images\/CartelesD\/despertar0302-173x240.jpg\" alt=\"\" width=\"173\" height=\"240\" \/><\/a>\u00a0<a href=\"http:\/\/cartelesmix.es\/images\/CartelesD\/despertar0303.jpg\" target=\"_blank\"><img loading=\"lazy\" decoding=\"async\" class=\"alignnone size-medium wp-image-58405\" title=\"despertar0303\" src=\"http:\/\/cartelesmix.es\/images\/CartelesD\/despertar0303-167x240.jpg\" alt=\"\" width=\"167\" height=\"240\" \/><\/a><\/div>\n<\/div>\n","protected":false},"excerpt":{"rendered":"<p>G\u00e9nero:\u00a0Crimen,\u00a0Misterio,\u00a0Ciencia Ficci\u00f3n,\u00a0Thriller\u00a0\u00a0\u00a0 Pa\u00eds:\u00a0Reino Unido,\u00a0Estados Unidos Direcci\u00f3n: Roland Suso Richter Interpretaci\u00f3n:\u00a0 Ryan Phillippe,\u00a0Sarah Polley,\u00a0Stephen Rea,\u00a0Robert Sean Leonard,\u00a0Piper Perabo,\u00a0Stephen Lang,Peter Egan,\u00a0Stephen Graham,\u00a0Rakie Ayola Sinopsis: Tras una experiencia pr\u00f3xima a la muerte, Simon Cable se despierta en el hospital con amnesia. Se han borrado de su memoria los recuerdos de los dos \u00faltimos a\u00f1os de su vida. A &hellip; <\/p>\n<p class=\"link-more\"><a href=\"https:\/\/cartelesmix.com\/2020carteles\/el-despertar-the-i-inside-2004\/\" class=\"more-link\">Continuar leyendo<span class=\"screen-reader-text\"> \u00abEl despertar (The I inside) (2003)\u00bb<\/span><\/a><\/p>\n","protected":false},"author":3,"featured_media":0,"comment_status":"closed","ping_status":"closed","sticky":false,"template":"","format":"standard","meta":{"footnotes":""},"categories":[],"tags":[],"class_list":["post-7216","post","type-post","status-publish","format-standard","hentry"],"_links":{"self":[{"href":"https:\/\/cartelesmix.com\/2020carteles\/wp-json\/wp\/v2\/posts\/7216","targetHints":{"allow":["GET"]}}],"collection":[{"href":"https:\/\/cartelesmix.com\/2020carteles\/wp-json\/wp\/v2\/posts"}],"about":[{"href":"https:\/\/cartelesmix.com\/2020carteles\/wp-json\/wp\/v2\/types\/post"}],"author":[{"embeddable":true,"href":"https:\/\/cartelesmix.com\/2020carteles\/wp-json\/wp\/v2\/users\/3"}],"replies":[{"embeddable":true,"href":"https:\/\/cartelesmix.com\/2020carteles\/wp-json\/wp\/v2\/comments?post=7216"}],"version-history":[{"count":1,"href":"https:\/\/cartelesmix.com\/2020carteles\/wp-json\/wp\/v2\/posts\/7216\/revisions"}],"predecessor-version":[{"id":105277,"href":"https:\/\/cartelesmix.com\/2020carteles\/wp-json\/wp\/v2\/posts\/7216\/revisions\/105277"}],"wp:attachment":[{"href":"https:\/\/cartelesmix.com\/2020carteles\/wp-json\/wp\/v2\/media?parent=7216"}],"wp:term":[{"taxonomy":"category","embeddable":true,"href":"https:\/\/cartelesmix.com\/2020carteles\/wp-json\/wp\/v2\/categories?post=7216"},{"taxonomy":"post_tag","embeddable":true,"href":"https:\/\/cartelesmix.com\/2020carteles\/wp-json\/wp\/v2\/tags?post=7216"}],"curies":[{"name":"wp","href":"https:\/\/api.w.org\/{rel}","templated":true}]}}